{"id":1,"date":"2016-07-05T09:56:30","date_gmt":"2016-07-05T07:56:30","guid":{"rendered":"http:\/\/mendaur.educacion.navarra.es\/web\/?p=1"},"modified":"2016-08-27T11:29:58","modified_gmt":"2016-08-27T09:29:58","slug":"ongietorri","status":"publish","type":"post","link":"https:\/\/mendaur.educacion.navarra.es\/web\/es\/blog\/ongietorri\/","title":{"rendered":"Ongietorri al nuevo curso"},"content":{"rendered":"<p>Este curso 2016\/2017 va traer\u00a0consigo importantes novedades al Instituto Mendaur. Algunos de esos cambios vienen\u00a0propiciados por\u00a0la propia comunidad educativa; mientras que otros son consecuencia de las decisiones adoptadas por distintas instituciones competentes en la materia. Cambios que,\u00a0en alguna ocasi\u00f3n, incluso\u00a0han concitado el rechazo y han obtenido respuesta de esta misma comunidad educativa (l\u00e9ase LOMCE, gesti\u00f3n de comedores&#8230;).<\/p>\n<p>De entre los primeros, queremos destacar el cambio en el equipo directivo del centro. En este sentido, el nuevo equipo pretende\u00a0dar continuidad al camino emprendido por la direcci\u00f3n anterior, y quiere aprovechar este espacio para agradecer y reconocer la gran labor realizada por Martin, Agurtzane y Mirari: Eskerrik asko, lankideak!<\/p>\n<p>De entre las novedades que vienen impuestas, por su parte, cabe se\u00f1alar la desaparici\u00f3n del grupo de Diversificaci\u00f3n Curricular y la creaci\u00f3n del Programa de Mejora del Aprendizaje y el Rendimiento. Junto a ello, otro cambio sustancial es aquel por el que desaparece la convocatoria extraordinaria de ex\u00e1menes de septiembre, pasando \u00e9sta al mes de junio.<\/p>\n<p><!--more--><\/p>\n<p>Este curso 2016\/2017 tambi\u00e9n asiste al nacimiento de esta p\u00e1gina\u00a0web que pretende\u00a0ser un instrumento de comunicaci\u00f3n entre el instituto\u00a0y su entorno, entendido \u00e9ste de la manera m\u00e1s amplia posible. As\u00ed, a trav\u00e9s de este sitio intentaremos daros puntual cuenta de cuantas noticias, avisos, novedades etc. vayan surgiendo en el devenir diario del centro.<\/p>\n<p>Tenemos 10\u00a0meses por delante para ver, analizar y valorar el resultado de todos estos cambios; y para resolver las dudas y las incertidumbres\u00a0creadas. Ahora es tiempo de\u00a0acoger\u00a0a las chicas y chicos de 1\u00ba, de recibir a las nuevas familias, de dar la bienvenida a las nuevas profesoras&#8230; Sin duda, tenemos grandes retos por delante. Pero sea como fuere, el compromiso de todas y todos los que formamos el Instituto Mendaur no es otro que el que el proceso de ense\u00f1anza-aprendizaje\u00a0posibilite\u00a0la formaci\u00f3n integral del alumnado.\u00a0\u00a0\u00a1As\u00ed que, pong\u00e1monos ya en marcha!<\/p>\n<!-- AddThis Advanced Settings generic via filter on the_content --><!-- AddThis Share Buttons generic via filter on the_content -->","protected":false},"excerpt":{"rendered":"<p>Primera entrada del sitio web.<!-- AddThis Advanced Settings generic via filter on get_the_excerpt --><!-- AddThis Share Buttons generic via filter on get_the_excerpt --><\/p>\n","protected":false},"author":1,"featured_media":34,"comment_status":"open","ping_status":"open","sticky":false,"template":"","format":"standard","meta":{"_genesis_hide_title":false,"_genesis_hide_breadcrumbs":false,"_genesis_hide_singular_image":false,"_genesis_hide_footer_widgets":false,"_genesis_custom_body_class":"","_genesis_custom_post_class":"","_genesis_layout":""},"categories":[1],"tags":[],"_links":{"self":[{"href":"https:\/\/mendaur.educacion.navarra.es\/web\/es\/wp-json\/wp\/v2\/posts\/1"}],"collection":[{"href":"https:\/\/mendaur.educacion.navarra.es\/web\/es\/wp-json\/wp\/v2\/posts"}],"about":[{"href":"https:\/\/mendaur.educacion.navarra.es\/web\/es\/wp-json\/wp\/v2\/types\/post"}],"author":[{"embeddable":true,"href":"https:\/\/mendaur.educacion.navarra.es\/web\/es\/wp-json\/wp\/v2\/users\/1"}],"replies":[{"embeddable":true,"href":"https:\/\/mendaur.educacion.navarra.es\/web\/es\/wp-json\/wp\/v2\/comments?post=1"}],"version-history":[{"count":7,"href":"https:\/\/mendaur.educacion.navarra.es\/web\/es\/wp-json\/wp\/v2\/posts\/1\/revisions"}],"predecessor-version":[{"id":383,"href":"https:\/\/mendaur.educacion.navarra.es\/web\/es\/wp-json\/wp\/v2\/posts\/1\/revisions\/383"}],"wp:featuredmedia":[{"embeddable":true,"href":"https:\/\/mendaur.educacion.navarra.es\/web\/es\/wp-json\/wp\/v2\/media\/34"}],"wp:attachment":[{"href":"https:\/\/mendaur.educacion.navarra.es\/web\/es\/wp-json\/wp\/v2\/media?parent=1"}],"wp:term":[{"taxonomy":"category","embeddable":true,"href":"https:\/\/mendaur.educacion.navarra.es\/web\/es\/wp-json\/wp\/v2\/categories?post=1"},{"taxonomy":"post_tag","embeddable":true,"href":"https:\/\/mendaur.educacion.navarra.es\/web\/es\/wp-json\/wp\/v2\/tags?post=1"}],"curies":[{"name":"wp","href":"https:\/\/api.w.org\/{rel}","templated":true}]}}