{"id":377,"date":"2016-08-27T10:33:40","date_gmt":"2016-08-27T08:33:40","guid":{"rendered":"http:\/\/mendaur.educacion.navarra.es\/web\/es\/?p=377"},"modified":"2016-08-27T10:33:40","modified_gmt":"2016-08-27T08:33:40","slug":"calendario-escolar-para-el-curso-20162017","status":"publish","type":"post","link":"https:\/\/mendaur.educacion.navarra.es\/web\/es\/blog\/calendario-escolar-para-el-curso-20162017\/","title":{"rendered":"Calendario escolar para el curso 2016\/2017"},"content":{"rendered":"<p>Enlazamos abajo el calendario escolar para este curso 2016\/2017.<\/p>\n<p>Dicho calendario, a\u00a0propuesta del Claustro de Profesores\/-as y con la aprobaci\u00f3n del Consejo Escolar, fija\u00a0una serie de d\u00edas festivos m\u00e1s all\u00e1\u00a0de los oficiales. As\u00ed, contempla\u00a0un puente de cuatro d\u00edas en el mes de\u00a0octubre, al establecer el 31 de ese mes como d\u00eda festivo. Igualmente, y tal y como viene siendo habitual, el centro cerrar\u00e1 el d\u00eda 18 de noviembre,\u00a0Ferias de Doneztebe.<\/p>\n<p>Ya en el 2017, el calendario de este curso define como festivos el lunes y martes del carnaval\u00a0de Ituren y Zubieta, adem\u00e1s del viernes, lunes y martes de carnaval en\u00a0otras tantas localidades, entre ellas Doneztebe donde tiene sede el instituto.<\/p>\n<p><a href=\"http:\/\/mendaur.educacion.navarra.es\/web\/wp-content\/uploads\/2016\/08\/eskola-egutegia.pdf\">eskola egutegia<\/a><\/p>\n<!-- AddThis Advanced Settings generic via filter on the_content --><!-- AddThis Share Buttons generic via filter on the_content -->","protected":false},"excerpt":{"rendered":"<p>Enlazamos abajo el calendario escolar para este curso 2016\/2017. Dicho calendario, a\u00a0propuesta del Claustro de Profesores\/-as y con la aprobaci\u00f3n del Consejo Escolar, fija\u00a0una serie de d\u00edas festivos m\u00e1s all\u00e1\u00a0de los oficiales. As\u00ed, contempla\u00a0un puente de cuatro d\u00edas en el mes de\u00a0octubre, al establecer el 31 de ese mes como d\u00eda festivo. Igualmente, y tal [&hellip;]<!-- AddThis Advanced Settings generic via filter on get_the_excerpt --><!-- AddThis Share Buttons generic via filter on get_the_excerpt --><\/p>\n","protected":false},"author":1,"featured_media":41,"comment_status":"open","ping_status":"open","sticky":false,"template":"","format":"standard","meta":{"_genesis_hide_title":false,"_genesis_hide_breadcrumbs":false,"_genesis_hide_singular_image":false,"_genesis_hide_footer_widgets":false,"_genesis_custom_body_class":"","_genesis_custom_post_class":"","_genesis_layout":""},"categories":[1],"tags":[],"_links":{"self":[{"href":"https:\/\/mendaur.educacion.navarra.es\/web\/es\/wp-json\/wp\/v2\/posts\/377"}],"collection":[{"href":"https:\/\/mendaur.educacion.navarra.es\/web\/es\/wp-json\/wp\/v2\/posts"}],"about":[{"href":"https:\/\/mendaur.educacion.navarra.es\/web\/es\/wp-json\/wp\/v2\/types\/post"}],"author":[{"embeddable":true,"href":"https:\/\/mendaur.educacion.navarra.es\/web\/es\/wp-json\/wp\/v2\/users\/1"}],"replies":[{"embeddable":true,"href":"https:\/\/mendaur.educacion.navarra.es\/web\/es\/wp-json\/wp\/v2\/comments?post=377"}],"version-history":[{"count":1,"href":"https:\/\/mendaur.educacion.navarra.es\/web\/es\/wp-json\/wp\/v2\/posts\/377\/revisions"}],"predecessor-version":[{"id":378,"href":"https:\/\/mendaur.educacion.navarra.es\/web\/es\/wp-json\/wp\/v2\/posts\/377\/revisions\/378"}],"wp:featuredmedia":[{"embeddable":true,"href":"https:\/\/mendaur.educacion.navarra.es\/web\/es\/wp-json\/wp\/v2\/media\/41"}],"wp:attachment":[{"href":"https:\/\/mendaur.educacion.navarra.es\/web\/es\/wp-json\/wp\/v2\/media?parent=377"}],"wp:term":[{"taxonomy":"category","embeddable":true,"href":"https:\/\/mendaur.educacion.navarra.es\/web\/es\/wp-json\/wp\/v2\/categories?post=377"},{"taxonomy":"post_tag","embeddable":true,"href":"https:\/\/mendaur.educacion.navarra.es\/web\/es\/wp-json\/wp\/v2\/tags?post=377"}],"curies":[{"name":"wp","href":"https:\/\/api.w.org\/{rel}","templated":true}]}}